{"id":1320,"date":"2015-06-17T14:09:56","date_gmt":"2015-06-17T12:09:56","guid":{"rendered":"http:\/\/www.no194.it\/wordpress\/?p=1320"},"modified":"2015-06-17T14:09:56","modified_gmt":"2015-06-17T12:09:56","slug":"la-prima-9-ore-nazionale-di-preghiera-del-comitato-no194-cronaca-di-un-successo-con-replica-a-dicembre-sempre-a-bologna","status":"publish","type":"post","link":"https:\/\/www.no194.it\/wordpress\/archives\/1320","title":{"rendered":"LA PRIMA 9 ORE NAZIONALE DI PREGHIERA DEL COMITATO NO194: CRONACA DI UN SUCCESSO, CON REPLICA A DICEMBRE SEMPRE A BOLOGNA"},"content":{"rendered":"<p>Si \u00e8 svolta sabato 13-6-15 a Bologna la nostra prima 9 ore nazionale di preghiera, dopo oltre due anni e mezzo di versioni locali (regionali da due anni) dell\u2019evento, che si svolgono il primo sabato dei mesi dispari dalle 9 alle 18 all\u2019esterno di un ospedale nel quale si praticano aborti.<\/p>\n<p>Il bilancio \u00e8 esaltante.<\/p>\n<p>1) SIGNIFICATO POLITICO IN SENSO LATO<\/p>\n<p>Quando decisi il 8-12-2014 la versione nazionale della 9 ore optai per la piazza bolognese, al fine di potenziare il nostro comitato nella delicata area tosco-emiliana e in considerazione della sua agevole raggiungibilit\u00e0.<\/p>\n<p>Naturalmente intuii la particolarit\u00e0 ambientale, ma non conoscendo bene il capoluogo emiliano fu solo un\u2019intuizione, che non posso che valutare positivamente.<\/p>\n<p>Bologna \u00e8 una strana citt\u00e0, in cui convivono una straordinaria vivacit\u00e0 culturale (degna di un centro nel quale si registra la presenza dell\u2019ateneo pi\u00f9 antico del mondo) ed un\u2019atmosfera politica assolutamente superata ed anacronistica.<\/p>\n<p>Abbiamo usufruito della prima, con un totale ad oggi di oltre 200 articoli pubblicati sul web sul nostro evento, anche se naturalmente quasi tutti di segno negativo.<\/p>\n<p>Una negativit\u00e0, per\u00f2, non banale, ma fondata spesso sulla ricerca del sapere, della conoscenza dettagliata e approfondita delle posizioni avverse.<\/p>\n<p>L\u2019ideale per presentare un\u2019iniziativa referendaria e per aprire un dibattito sul tema sotteso, quello dell\u2019aborto volontario e della sua legalizzazione.<\/p>\n<p>Quale simbolico estratto allego i seguenti link:<\/p>\n<p><a href=\"https:\/\/www.facebook.com\/ariapulitaer\">https:\/\/www.facebook.com\/ariapulitaer<\/a><u>\u00a0 <strong>\u00a0<\/strong><\/u>(video tv);<\/p>\n<p><a href=\"http:\/\/www.radio24.ilsole24ore.com\/programma\/24mattino\/puntate\">http:\/\/www.radio24.ilsole24ore.com\/programma\/24mattino\/puntate<\/a> (radio);<\/p>\n<p><a href=\"http:\/\/video.repubblica.it\/edizione\/bologna\/croci-feti-e-rosari-al-sit-in-degli-antiabortisti\/204153\/203233\">http:\/\/video.repubblica.it\/edizione\/bologna\/croci-feti-e-rosari-al-sit-in-degli-antiabortisti\/204153\/203233<\/a> \u00a0(video web).<\/p>\n<p>Abbiamo fatto i conti con la seconda caratteristica della citt\u00e0 felsinea, con aspetti tra il preoccupante e l\u2019esilarante, uscendo vincitori dallo scontro che ne \u00e8 nato.<\/p>\n<p>In oggettiva violazione degli artt. 17 (diritto di riunione), 19 (diritto alla libera professione anche pubblica della propria fede) e 21 (diritto alla manifestazione del pensiero) della Costituzione, la sinistra cosiddetta moderata ha cercato di impedire il nostro sit-in di preghiera attraverso la richiesta del sindaco del Pd ( partito di cui \u00e8 segretario l\u2019attuale Presidente del Consiglio!) al prefetto (che ha poi desistito dall\u2019intento, dopo un iniziale consenso) di vietare tutte la manifestazioni tenute all\u2019esterno di chiese , centri di accoglienza e campi rom , sedi dove si possono radunare forze non riconducibili alla sua area politica.<\/p>\n<p>Si veda:<\/p>\n<p><a href=\"http:\/\/bologna.repubblica.it\/cronaca\/2015\/06\/01\/news\/il_pd_contro_gli_antiabortisti-115817559\/\">http:\/\/bologna.repubblica.it\/cronaca\/2015\/06\/01\/news\/il_pd_contro_gli_antiabortisti-115817559\/<\/a><\/p>\n<p>Quindi ed al contrario, libert\u00e0 di manifestazione all\u2019esterno di fabbriche, scuole, banche, case da sgomberare, luoghi istituzionali etc, regni della protesta rossa, per giunta non sempre pacifica, come segnalano le cronache, e quindi passibile di restrizioni per ragioni di ordine pubblico.<\/p>\n<p>La sinistra radicale, ovviamente, in particolare SEL (partito della Presidentessa della Camera, si badi bene !) e Prc, dovendosi distinguere, ha manifestato ufficialmente sui propri siti il proposito di impedire addirittura fisicamente lo svolgimento dell\u2019evento :<\/p>\n<p><a href=\"http:\/\/www.sel-bologna.com\/blog\/2015\/05\/28\/legge194-fermate-la-manifestazione-degli-antiabortisti-al-maggiore\/\">http:\/\/www.sel-bologna.com\/blog\/2015\/05\/28\/legge194-fermate-la-manifestazione-degli-antiabortisti-al-maggiore\/<\/a><\/p>\n<p><a href=\"http:\/\/www.prcbologna.it\/2015\/05\/30\/no13giugno\/\">http:\/\/www.prcbologna.it\/2015\/05\/30\/no13giugno\/<\/a><\/p>\n<p>Il clima di emergenza democratica presente sul territorio, da cui la necessit\u00e0 che abbiamo pubblicamente sottolineato di creare un blocco democratico permanente tra i partiti locali non riconducibili alla storia del vecchio Pci per tutelare l\u2019applicazione dei princ\u00ecpi generali dell\u2019ordinamento giuridico, non ha impedito per\u00f2 lo svolgimento del nostro sit-in di preghiera.<\/p>\n<p>Lo spostamento dall\u2019area antistante l\u2019ospedale Maggiore ad una piazza centralissima dominata da una splendida Basilica, piazza S. Domenico, ha ridotto solo in parte il significato simbolico della preghiera, che non si \u00e8 svolta quindi all\u2019esterno di una struttura dove i concepiti vengono soppressi, ma di fronte ad un luogo di culto di assoluto rilievo.<\/p>\n<p>La collocazione centrale ha, anzi, impreziosito l\u2019evento.<\/p>\n<p>Certo, la blindatura dell\u2019area interessata pu\u00f2 aver arrecato qualche problema, ma noi avevamo chiesto l\u2019ospedale, sono stati i nostri antagonisti e le forze politiche di supporto che hanno di fatto imposto il nostro spostamento.<\/p>\n<p>Se qualcuno si \u00e8 sentito danneggiato se ne potr\u00e0 sempre ricordare alla prossima occasione elettorale.<\/p>\n<p>Per conto nostro non vi era la necessit\u00e0 della presenza di un solo vigile.<\/p>\n<p>2 ) IL PALLOTTOLIERE<\/p>\n<p>Chi \u00e8 privo della capacit\u00e0 di cogliere il significato di un fatto, come sempre, fa appello alla categorie tipiche dell\u2019uomo primordiale, che, tra un grugnito (il verso \u00e8 identificato come tale anche per gli scimpanz\u00e9, lo sottolineo per gli evoluzionisti) e l\u2019altro, si impressiona solo per la presenza di un numero pi\u00f9 o meno alto di persone.<\/p>\n<p>Una tendenza generale a cui non si sottrae affatto il pro life nazionale dei nostri giorni ed i suoi cantori.<\/p>\n<p>Ecco che, ben consci di questa tendenza tribale, qualcuno ha cercato di sminuire il sit-in prodigandosi nel sostenere e documentare che esso sarebbe stato scarsamente partecipato, quando \u00e8 evidente a chiunque che i conti debbono essere fatti valutando l\u2019affluenza complessiva in un evento nel corso della sua durata complessiva, quindi nella fattispecie delle 9 ore, affluenza che \u00e8 stata, tra l\u2019altro, ottima, tanto pi\u00f9 considerate le condizioni ambientali, e si \u00e8 pure tradotta in un considerevole incremento dei nostri iscritti locali.<\/p>\n<p>Un referendum su un tema eticamente sensibile come quello in oggetto si vince aprendo e alimentando un dibattito collettivo e individuale (nelle coscienze dei cittadini), non ottenendo il tutto esaurito in un circoscritto ambito spaziale in linea con gli obiettivi di una compagnia teatrale.<\/p>\n<p>Dibattito che nel nostro caso \u00e8 stato davvero ampio anche nel merito, come a mio avviso merita un\u2019iniziativa che punta al cuore della questione perseguendo un obiettivo concreto e non mira a fare della superficiale demagogia priva di costrutto e prospettive.<\/p>\n<p>Tra l\u2019altro, sto ovviando in queste ore ai problemi di accesso che la blindatura dell\u2019area pu\u00f2 aver arrecato anche a qualche nostro iscritto.<\/p>\n<p>Il ritorno per il nostro comitato \u00e8 stato talmente elevato che l\u2019evento non pu\u00f2 che essere confermato tale e quale, per citt\u00e0 e durata, per la prossima edizione di dicembre.<\/p>\n<p>Se ci verr\u00e0 concesso l\u2019Ospedale Maggiore, secondo nostra principale richiesta, bene, altrimenti ci accomoderemo nel salotto cittadino, con grande soddisfazione del sottoscritto, che considera questa come una soluzione sicuramente non secondaria sul piano sostanziale.<\/p>\n<p>Qualunque sar\u00e0 l\u2019atteggiamento dei nostri antagonisti, in molti sanno ora chi \u00e8 il comitato no194, a cui ci si pu\u00f2 iscrivere attraverso il sito <a href=\"http:\/\/www.no194.org\/\">www.no194.org<\/a>.<\/p>\n<p>Un loro silenzio ci permetter\u00e0 di parlare senza contraddittorio, una loro reazione ci consentir\u00e0 di rispondere.<\/p>\n<p>Il ghiaccio \u00e8 stato definitivamente rotto.<\/p>\n<p>Ringrazio le forze dell\u2019ordine per il servizio prestato e coloro che hanno espresso solidariet\u00e0 democratica nei nostri confronti, tra cui esponenti politici bolognesi di diverse formazioni, con una citazione particolare per la Curia locale e per Giuliano Ferrara per gli interventi di cui sotto:<\/p>\n<p><a href=\"http:\/\/bologna.repubblica.it\/cronaca\/2015\/06\/07\/news\/la_curia_applaude_il_prefetto_la_preghiera_anti-aborto_e_legittima_-116300760\/\">http:\/\/bologna.repubblica.it\/cronaca\/2015\/06\/07\/news\/la_curia_applaude_il_prefetto_la_preghiera_anti-aborto_e_legittima_-116300760\/<\/a><\/p>\n<p><u>http:\/\/www.ilfoglio.it\/politica\/2015\/06\/03\/domando-a-renzi-e-al-pd-siete-blindati-nel-pensiero-unico-abortista___1-v-129446-rubriche_c386.htm<\/u><\/p>\n<p><a href=\"http:\/\/bologna.repubblica.it\/cronaca\/2015\/06\/04\/news\/_io_ateo_devoto_a_bologna_dico_vietare_quella_veglia_e_scandaloso_l_invettiva_di_giuliano_ferrara-116042290\/\">http:\/\/bologna.repubblica.it\/cronaca\/2015\/06\/04\/news\/_io_ateo_devoto_a_bologna_dico_vietare_quella_veglia_e_scandaloso_l_invettiva_di_giuliano_ferrara-116042290\/<\/a><\/p>\n<p style=\"text-align: center;\">Avv. Pietro Guerini &#8211; Presidente nazionale comitato NO194\u00a0e omonima associazione<\/p>\n<p style=\"text-align: center;\"><a href=\"https:\/\/www.facebook.com\/248823545204874\/photos\/pb.248823545204874.-2207520000.1434496050.\/837073489713207\/?type=1&#038;theater\">Foto ritraente un momento della 9 ore<\/a><\/p>\n","protected":false},"excerpt":{"rendered":"<p>Si \u00e8 svolta sabato 13-6-15 a Bologna la nostra prima 9 ore nazionale di preghiera, dopo oltre due anni e mezzo di versioni locali (regionali da due anni) dell\u2019evento, che si svolgono il primo sabato dei mesi dispari dalle 9 alle 18 all\u2019esterno di un ospedale nel quale si praticano aborti. Il bilancio \u00e8 esaltante. [&hellip;]<\/p>\n","protected":false},"author":1,"featured_media":0,"comment_status":"closed","ping_status":"closed","sticky":false,"template":"","format":"standard","meta":{"footnotes":""},"categories":[3,6,7],"tags":[11,14],"class_list":["post-1320","post","type-post","status-publish","format-standard","hentry","category-attivita","category-media","category-novita","tag-anti-abortion","tag-preghiera"],"_links":{"self":[{"href":"https:\/\/www.no194.it\/wordpress\/wp-json\/wp\/v2\/posts\/1320","targetHints":{"allow":["GET"]}}],"collection":[{"href":"https:\/\/www.no194.it\/wordpress\/wp-json\/wp\/v2\/posts"}],"about":[{"href":"https:\/\/www.no194.it\/wordpress\/wp-json\/wp\/v2\/types\/post"}],"author":[{"embeddable":true,"href":"https:\/\/www.no194.it\/wordpress\/wp-json\/wp\/v2\/users\/1"}],"replies":[{"embeddable":true,"href":"https:\/\/www.no194.it\/wordpress\/wp-json\/wp\/v2\/comments?post=1320"}],"version-history":[{"count":2,"href":"https:\/\/www.no194.it\/wordpress\/wp-json\/wp\/v2\/posts\/1320\/revisions"}],"predecessor-version":[{"id":1322,"href":"https:\/\/www.no194.it\/wordpress\/wp-json\/wp\/v2\/posts\/1320\/revisions\/1322"}],"wp:attachment":[{"href":"https:\/\/www.no194.it\/wordpress\/wp-json\/wp\/v2\/media?parent=1320"}],"wp:term":[{"taxonomy":"category","embeddable":true,"href":"https:\/\/www.no194.it\/wordpress\/wp-json\/wp\/v2\/categories?post=1320"},{"taxonomy":"post_tag","embeddable":true,"href":"https:\/\/www.no194.it\/wordpress\/wp-json\/wp\/v2\/tags?post=1320"}],"curies":[{"name":"wp","href":"https:\/\/api.w.org\/{rel}","templated":true}]}}